{"id":7632,"date":"2020-07-24T09:15:04","date_gmt":"2020-07-24T07:15:04","guid":{"rendered":"https:\/\/www.e-c-o-n.de\/wp-de\/?p=7632"},"modified":"2021-11-01T19:50:04","modified_gmt":"2021-11-01T18:50:04","slug":"haustuer","status":"publish","type":"post","link":"https:\/\/www.e-con.de\/wp-de\/haustuer\/","title":{"rendered":"Neue Haust\u00fcr gef\u00f6rdert mit 1.436 Euro"},"content":{"rendered":"\n<p>Aktuell wird die Investition in eine Haust\u00fcr durch unsere Energie-Experten unterst\u00fctzt. <\/p>\n\n\n\n<p><strong>Der Kaufpreis der Haust\u00fcr betr\u00e4gt 6.200 Euro. Die Sonstigen Kosten (Entsorgung, \u00d6ffnung anpassen, Putz innen und au\u00dfen herstellen) betragen 980 Euro. Unser Kunde erh\u00e4lt einen Zuschuss von 20% aus dem Programm KfW 430 und damit 1.436 Euro. <\/strong><\/p>\n\n\n\n<p>Wir helfen auch Ihnen weiter, \u00fcbermitteln Sie uns Ihre <a rel=\"noreferrer noopener\" aria-label=\"Anfrage \u00fcber unser Kontaktformular (\u00f6ffnet in neuem Tab)\" href=\"http:\/\/daten.e-con.de\" target=\"_blank\">Anfrage \u00fcber unser Kontaktformular<\/a>. Nat\u00fcrlich k\u00f6nnen Sie Ihre neuen Fenster in gleicher Weise f\u00f6rdern lassen!<\/p>\n\n\n\n<figure class=\"wp-block-image size-large\"><img loading=\"lazy\" decoding=\"async\" width=\"1024\" height=\"576\" src=\"https:\/\/www.e-c-o-n.de\/wp-de\/wp-content\/uploads\/2020\/07\/IMG_5926-1024x576.jpeg\" alt=\"\" class=\"wp-image-7636\" srcset=\"https:\/\/www.e-con.de\/wp-de\/wp-content\/uploads\/2020\/07\/IMG_5926-1024x576.jpeg 1024w, https:\/\/www.e-con.de\/wp-de\/wp-content\/uploads\/2020\/07\/IMG_5926-300x169.jpeg 300w, https:\/\/www.e-con.de\/wp-de\/wp-content\/uploads\/2020\/07\/IMG_5926-768x432.jpeg 768w, https:\/\/www.e-con.de\/wp-de\/wp-content\/uploads\/2020\/07\/IMG_5926-1536x864.jpeg 1536w, https:\/\/www.e-con.de\/wp-de\/wp-content\/uploads\/2020\/07\/IMG_5926-2048x1152.jpeg 2048w, https:\/\/www.e-con.de\/wp-de\/wp-content\/uploads\/2020\/07\/IMG_5926-600x337.jpeg 600w\" sizes=\"auto, (max-width: 1024px) 100vw, 1024px\" \/><\/figure>\n\n\n\n<p>Staatliche F\u00f6rderung f\u00fcr neue Haust\u00fcren<\/p>\n\n\n\n<p>Durch die Erneuerung der Haust\u00fcr wird in der Regel auch die Energieeffizienz des Geb\u00e4udes erh\u00f6ht. Aus diesem Grund f\u00f6rdert der Staat energetische Saniereungen\u00a0mit finanziellen Zusch\u00fcssen und\/oder g\u00fcnstigen Darlehen. Es besteht zum einen die Option, sich den Austausch der Haust\u00fcr als einzelne Ma\u00dfnahme\u00a0von der <a href=\"https:\/\/www.kfw.de\/inlandsfoerderung\/Privatpersonen\/index-2.html\">KfW (Kreditanstalt f\u00fcr Wiederaufbau)\u00a0<\/a>f\u00f6rdern zu lassen.<\/p>\n\n\n\n<p>Dar\u00fcber hinaus ist auch eine F\u00f6rderung im Rahmen einer Gesamtsanierung m\u00f6glich. Als Einzelma\u00dfnahme kommen die beiden Programme\u00a0<a href=\"https:\/\/www.kfw.de\/inlandsfoerderung\/Privatpersonen\/Bestandsimmobilien\/Finanzierungsangebote\/Energieeffizient-Sanieren-Zuschuss-(430)\/\">KfW 430 (Zuschuss)<\/a><a href=\"https:\/\/www.energieheld.de\/foerderung\/institute-anbieter\/kfw\/zuschuss-430\">\u00a0<\/a>und\u00a0<a href=\"https:\/\/www.kfw.de\/inlandsfoerderung\/Privatpersonen\/Bestandsimmobilien\/Finanzierungsangebote\/Energieeffizient-Sanieren-Kredit-(151-152)\/?wt_cc1=wohnen&amp;wt_cc2=pri%7Cbestandimmobilie&amp;wt_mc=54754171813_423763400151&amp;wt_kw=e_54754171813_kfw%20151&amp;wt_cc3=54754171813_kwd-315993387024_423763400151\">KfW 152 (Darlehen)\u00a0<\/a>in Frage. Allerdings m\u00fcssen Sie, um die F\u00f6rderung zu erhalten, darauf achten, dass\u00a0der Antrag vor Umsetzung\u00a0der Ma\u00dfnahme und gemeinsam mit\u00a0unseren Energie-Effizienz-Experten gestellt wird.<\/p>\n\n\n\n<p>Aber auch Bauma\u00dfnahmen, welche die Einbruchsicherheit eines Hauses erh\u00f6hen, werden von der KfW gef\u00f6rdert. So etwa der nachtr\u00e4gliche Einbau einer einbruchhemmenden Haust\u00fcr oder auch der Einbau von Einbruchmeldeanlagen. Die entsprechenden F\u00f6rderprogramme bez\u00fcglich Einbruchschutz sind KfW 455, sowie KfW 159. <\/p>\n\n\n\n<p>Wir beraten Sie und gestalten mit Ihnen die optimale F\u00f6rdermittelzusammensetzung.<\/p>\n","protected":false},"excerpt":{"rendered":"<p>Aktuell wird die Investition in eine Haust\u00fcr durch unsere Energie-Experten unterst\u00fctzt. Der Kaufpreis der Haust\u00fcr betr\u00e4gt 6.200 Euro. Die Sonstigen Kosten (Entsorgung, \u00d6ffnung anpassen, Putz innen und au\u00dfen herstellen) betragen 980 Euro. Unser Kunde erh\u00e4lt einen Zuschuss von 20% aus dem Programm KfW 430 und damit 1.436 Euro. Wir helfen auch Ihnen weiter, \u00fcbermitteln Sie &#8230; <a title=\"Neue Haust\u00fcr gef\u00f6rdert mit 1.436 Euro\" class=\"read-more\" href=\"https:\/\/www.e-con.de\/wp-de\/haustuer\/\" aria-label=\"Mehr Informationen \u00fcber Neue Haust\u00fcr gef\u00f6rdert mit 1.436 Euro\">Weiterlesen &#8230;<\/a><\/p>\n","protected":false},"author":1,"featured_media":0,"comment_status":"closed","ping_status":"open","sticky":false,"template":"","format":"standard","meta":{"ngg_post_thumbnail":0,"generate_page_header":"","footnotes":""},"categories":[1],"tags":[272,269,276,277,213,273,212,274,270,279,268,278,280,271],"class_list":["post-7632","post","type-post","status-publish","format-standard","hentry","category-allgemein","tag-austausch","tag-bafa","tag-berga","tag-berlin","tag-e-con","tag-e-consult","tag-econ","tag-econsult","tag-fenster","tag-halberstadt","tag-kfw","tag-leipzig","tag-quedlinburg","tag-sanierung"],"yoast_head":"<!-- This site is optimized with the Yoast SEO plugin v27.5 - https:\/\/yoast.com\/product\/yoast-seo-wordpress\/ -->\n<title>Neue Haust\u00fcr gef\u00f6rdert mit 1.436 Euro - e-con I Die Partner f\u00fcr Energieeffizienz, Planung und Erneuerbare Energien<\/title>\n<meta name=\"robots\" content=\"index, follow, max-snippet:-1, max-image-preview:large, max-video-preview:-1\" \/>\n<link rel=\"canonical\" href=\"https:\/\/www.e-con.de\/wp-de\/haustuer\/\" \/>\n<meta property=\"og:locale\" content=\"de_DE\" \/>\n<meta property=\"og:type\" content=\"article\" \/>\n<meta property=\"og:title\" content=\"Neue Haust\u00fcr gef\u00f6rdert mit 1.436 Euro - e-con I Die Partner f\u00fcr Energieeffizienz, Planung und Erneuerbare Energien\" \/>\n<meta property=\"og:description\" content=\"Aktuell wird die Investition in eine Haust\u00fcr durch unsere Energie-Experten unterst\u00fctzt. Der Kaufpreis der Haust\u00fcr betr\u00e4gt 6.200 Euro. Die Sonstigen Kosten (Entsorgung, \u00d6ffnung anpassen, Putz innen und au\u00dfen herstellen) betragen 980 Euro. Unser Kunde erh\u00e4lt einen Zuschuss von 20% aus dem Programm KfW 430 und damit 1.436 Euro. Wir helfen auch Ihnen weiter, \u00fcbermitteln Sie ... Weiterlesen ...\" \/>\n<meta property=\"og:url\" content=\"https:\/\/www.e-con.de\/wp-de\/haustuer\/\" \/>\n<meta property=\"og:site_name\" content=\"e-con I Die Partner f\u00fcr Energieeffizienz, Planung und Erneuerbare Energien\" \/>\n<meta property=\"article:publisher\" content=\"https:\/\/www.facebook.com\/Matthias-Sch%c3%b6nhardt-1114936911891993\/\" \/>\n<meta property=\"article:published_time\" content=\"2020-07-24T07:15:04+00:00\" \/>\n<meta property=\"article:modified_time\" content=\"2021-11-01T18:50:04+00:00\" \/>\n<meta property=\"og:image\" content=\"https:\/\/www.e-c-o-n.de\/wp-de\/wp-content\/uploads\/2020\/07\/IMG_5926-1024x576.jpeg\" \/>\n<meta name=\"author\" content=\"info@e-c-o-n.de\" \/>\n<meta name=\"twitter:card\" content=\"summary_large_image\" \/>\n<meta name=\"twitter:label1\" content=\"Verfasst von\" \/>\n\t<meta name=\"twitter:data1\" content=\"info@e-c-o-n.de\" \/>\n\t<meta name=\"twitter:label2\" content=\"Gesch\u00e4tzte Lesezeit\" \/>\n\t<meta name=\"twitter:data2\" content=\"1\u00a0Minute\" \/>\n<script type=\"application\/ld+json\" class=\"yoast-schema-graph\">{\"@context\":\"https:\\\/\\\/schema.org\",\"@graph\":[{\"@type\":\"Article\",\"@id\":\"https:\\\/\\\/www.e-con.de\\\/wp-de\\\/haustuer\\\/#article\",\"isPartOf\":{\"@id\":\"https:\\\/\\\/www.e-con.de\\\/wp-de\\\/haustuer\\\/\"},\"author\":{\"name\":\"info@e-c-o-n.de\",\"@id\":\"https:\\\/\\\/www.e-con.de\\\/wp-de\\\/#\\\/schema\\\/person\\\/a59ddc4c69198c71d3e52b6d13b68233\"},\"headline\":\"Neue Haust\u00fcr gef\u00f6rdert mit 1.436 Euro\",\"datePublished\":\"2020-07-24T07:15:04+00:00\",\"dateModified\":\"2021-11-01T18:50:04+00:00\",\"mainEntityOfPage\":{\"@id\":\"https:\\\/\\\/www.e-con.de\\\/wp-de\\\/haustuer\\\/\"},\"wordCount\":264,\"publisher\":{\"@id\":\"https:\\\/\\\/www.e-con.de\\\/wp-de\\\/#organization\"},\"image\":{\"@id\":\"https:\\\/\\\/www.e-con.de\\\/wp-de\\\/haustuer\\\/#primaryimage\"},\"thumbnailUrl\":\"https:\\\/\\\/www.e-c-o-n.de\\\/wp-de\\\/wp-content\\\/uploads\\\/2020\\\/07\\\/IMG_5926-1024x576.jpeg\",\"keywords\":[\"austausch\",\"bafa\",\"berga\",\"berlin\",\"e-con\",\"e-consult\",\"econ\",\"econsult\",\"fenster\",\"halberstadt\",\"kfw\",\"leipzig\",\"quedlinburg\",\"sanierung\"],\"inLanguage\":\"de\"},{\"@type\":\"WebPage\",\"@id\":\"https:\\\/\\\/www.e-con.de\\\/wp-de\\\/haustuer\\\/\",\"url\":\"https:\\\/\\\/www.e-con.de\\\/wp-de\\\/haustuer\\\/\",\"name\":\"Neue Haust\u00fcr gef\u00f6rdert mit 1.436 Euro - e-con I Die Partner f\u00fcr Energieeffizienz, Planung und Erneuerbare Energien\",\"isPartOf\":{\"@id\":\"https:\\\/\\\/www.e-con.de\\\/wp-de\\\/#website\"},\"primaryImageOfPage\":{\"@id\":\"https:\\\/\\\/www.e-con.de\\\/wp-de\\\/haustuer\\\/#primaryimage\"},\"image\":{\"@id\":\"https:\\\/\\\/www.e-con.de\\\/wp-de\\\/haustuer\\\/#primaryimage\"},\"thumbnailUrl\":\"https:\\\/\\\/www.e-c-o-n.de\\\/wp-de\\\/wp-content\\\/uploads\\\/2020\\\/07\\\/IMG_5926-1024x576.jpeg\",\"datePublished\":\"2020-07-24T07:15:04+00:00\",\"dateModified\":\"2021-11-01T18:50:04+00:00\",\"breadcrumb\":{\"@id\":\"https:\\\/\\\/www.e-con.de\\\/wp-de\\\/haustuer\\\/#breadcrumb\"},\"inLanguage\":\"de\",\"potentialAction\":[{\"@type\":\"ReadAction\",\"target\":[\"https:\\\/\\\/www.e-con.de\\\/wp-de\\\/haustuer\\\/\"]}]},{\"@type\":\"ImageObject\",\"inLanguage\":\"de\",\"@id\":\"https:\\\/\\\/www.e-con.de\\\/wp-de\\\/haustuer\\\/#primaryimage\",\"url\":\"https:\\\/\\\/www.e-c-o-n.de\\\/wp-de\\\/wp-content\\\/uploads\\\/2020\\\/07\\\/IMG_5926-1024x576.jpeg\",\"contentUrl\":\"https:\\\/\\\/www.e-c-o-n.de\\\/wp-de\\\/wp-content\\\/uploads\\\/2020\\\/07\\\/IMG_5926-1024x576.jpeg\"},{\"@type\":\"BreadcrumbList\",\"@id\":\"https:\\\/\\\/www.e-con.de\\\/wp-de\\\/haustuer\\\/#breadcrumb\",\"itemListElement\":[{\"@type\":\"ListItem\",\"position\":1,\"name\":\"Startseite\",\"item\":\"https:\\\/\\\/www.e-con.de\\\/wp-de\\\/\"},{\"@type\":\"ListItem\",\"position\":2,\"name\":\"Neue Haust\u00fcr gef\u00f6rdert mit 1.436 Euro\"}]},{\"@type\":\"WebSite\",\"@id\":\"https:\\\/\\\/www.e-con.de\\\/wp-de\\\/#website\",\"url\":\"https:\\\/\\\/www.e-con.de\\\/wp-de\\\/\",\"name\":\"e-con I Die Partner f\u00fcr Energieeffizienz, Planung und Erneuerbare Energien\",\"description\":\"Die Partner f\u00fcr Energieeffizienz, Planung und Erneuerbare Energien\",\"publisher\":{\"@id\":\"https:\\\/\\\/www.e-con.de\\\/wp-de\\\/#organization\"},\"potentialAction\":[{\"@type\":\"SearchAction\",\"target\":{\"@type\":\"EntryPoint\",\"urlTemplate\":\"https:\\\/\\\/www.e-con.de\\\/wp-de\\\/?s={search_term_string}\"},\"query-input\":{\"@type\":\"PropertyValueSpecification\",\"valueRequired\":true,\"valueName\":\"search_term_string\"}}],\"inLanguage\":\"de\"},{\"@type\":\"Organization\",\"@id\":\"https:\\\/\\\/www.e-con.de\\\/wp-de\\\/#organization\",\"name\":\"e-con I Die Partner f\u00fcr Energieeffizienz, Planung und Erneuerbare Energien\",\"url\":\"https:\\\/\\\/www.e-con.de\\\/wp-de\\\/\",\"logo\":{\"@type\":\"ImageObject\",\"inLanguage\":\"de\",\"@id\":\"https:\\\/\\\/www.e-con.de\\\/wp-de\\\/#\\\/schema\\\/logo\\\/image\\\/\",\"url\":\"https:\\\/\\\/www.e-con.de\\\/wp-de\\\/wp-content\\\/uploads\\\/2016\\\/04\\\/LOGO-CAD-15102015-mit-Slogan-e1460284870722.png\",\"contentUrl\":\"https:\\\/\\\/www.e-con.de\\\/wp-de\\\/wp-content\\\/uploads\\\/2016\\\/04\\\/LOGO-CAD-15102015-mit-Slogan-e1460284870722.png\",\"width\":350,\"height\":101,\"caption\":\"e-con I Die Partner f\u00fcr Energieeffizienz, Planung und Erneuerbare Energien\"},\"image\":{\"@id\":\"https:\\\/\\\/www.e-con.de\\\/wp-de\\\/#\\\/schema\\\/logo\\\/image\\\/\"},\"sameAs\":[\"https:\\\/\\\/www.facebook.com\\\/Matthias-Sch\u00f6nhardt-1114936911891993\\\/\"]},{\"@type\":\"Person\",\"@id\":\"https:\\\/\\\/www.e-con.de\\\/wp-de\\\/#\\\/schema\\\/person\\\/a59ddc4c69198c71d3e52b6d13b68233\",\"name\":\"info@e-c-o-n.de\",\"image\":{\"@type\":\"ImageObject\",\"inLanguage\":\"de\",\"@id\":\"https:\\\/\\\/secure.gravatar.com\\\/avatar\\\/f4a4d5978ad9a62e3bb70d9795e303b31fb7eee58cdc43819b7d41d7431a760c?s=96&d=mm&r=g\",\"url\":\"https:\\\/\\\/secure.gravatar.com\\\/avatar\\\/f4a4d5978ad9a62e3bb70d9795e303b31fb7eee58cdc43819b7d41d7431a760c?s=96&d=mm&r=g\",\"contentUrl\":\"https:\\\/\\\/secure.gravatar.com\\\/avatar\\\/f4a4d5978ad9a62e3bb70d9795e303b31fb7eee58cdc43819b7d41d7431a760c?s=96&d=mm&r=g\",\"caption\":\"info@e-c-o-n.de\"},\"url\":\"https:\\\/\\\/www.e-con.de\\\/wp-de\\\/author\\\/infoe-c-o-n-de\\\/\"}]}<\/script>\n<!-- \/ Yoast SEO plugin. -->","yoast_head_json":{"title":"Neue Haust\u00fcr gef\u00f6rdert mit 1.436 Euro - e-con I Die Partner f\u00fcr Energieeffizienz, Planung und Erneuerbare Energien","robots":{"index":"index","follow":"follow","max-snippet":"max-snippet:-1","max-image-preview":"max-image-preview:large","max-video-preview":"max-video-preview:-1"},"canonical":"https:\/\/www.e-con.de\/wp-de\/haustuer\/","og_locale":"de_DE","og_type":"article","og_title":"Neue Haust\u00fcr gef\u00f6rdert mit 1.436 Euro - e-con I Die Partner f\u00fcr Energieeffizienz, Planung und Erneuerbare Energien","og_description":"Aktuell wird die Investition in eine Haust\u00fcr durch unsere Energie-Experten unterst\u00fctzt. Der Kaufpreis der Haust\u00fcr betr\u00e4gt 6.200 Euro. Die Sonstigen Kosten (Entsorgung, \u00d6ffnung anpassen, Putz innen und au\u00dfen herstellen) betragen 980 Euro. Unser Kunde erh\u00e4lt einen Zuschuss von 20% aus dem Programm KfW 430 und damit 1.436 Euro. Wir helfen auch Ihnen weiter, \u00fcbermitteln Sie ... Weiterlesen ...","og_url":"https:\/\/www.e-con.de\/wp-de\/haustuer\/","og_site_name":"e-con I Die Partner f\u00fcr Energieeffizienz, Planung und Erneuerbare Energien","article_publisher":"https:\/\/www.facebook.com\/Matthias-Sch%c3%b6nhardt-1114936911891993\/","article_published_time":"2020-07-24T07:15:04+00:00","article_modified_time":"2021-11-01T18:50:04+00:00","og_image":[{"url":"https:\/\/www.e-c-o-n.de\/wp-de\/wp-content\/uploads\/2020\/07\/IMG_5926-1024x576.jpeg","type":"","width":"","height":""}],"author":"info@e-c-o-n.de","twitter_card":"summary_large_image","twitter_misc":{"Verfasst von":"info@e-c-o-n.de","Gesch\u00e4tzte Lesezeit":"1\u00a0Minute"},"schema":{"@context":"https:\/\/schema.org","@graph":[{"@type":"Article","@id":"https:\/\/www.e-con.de\/wp-de\/haustuer\/#article","isPartOf":{"@id":"https:\/\/www.e-con.de\/wp-de\/haustuer\/"},"author":{"name":"info@e-c-o-n.de","@id":"https:\/\/www.e-con.de\/wp-de\/#\/schema\/person\/a59ddc4c69198c71d3e52b6d13b68233"},"headline":"Neue Haust\u00fcr gef\u00f6rdert mit 1.436 Euro","datePublished":"2020-07-24T07:15:04+00:00","dateModified":"2021-11-01T18:50:04+00:00","mainEntityOfPage":{"@id":"https:\/\/www.e-con.de\/wp-de\/haustuer\/"},"wordCount":264,"publisher":{"@id":"https:\/\/www.e-con.de\/wp-de\/#organization"},"image":{"@id":"https:\/\/www.e-con.de\/wp-de\/haustuer\/#primaryimage"},"thumbnailUrl":"https:\/\/www.e-c-o-n.de\/wp-de\/wp-content\/uploads\/2020\/07\/IMG_5926-1024x576.jpeg","keywords":["austausch","bafa","berga","berlin","e-con","e-consult","econ","econsult","fenster","halberstadt","kfw","leipzig","quedlinburg","sanierung"],"inLanguage":"de"},{"@type":"WebPage","@id":"https:\/\/www.e-con.de\/wp-de\/haustuer\/","url":"https:\/\/www.e-con.de\/wp-de\/haustuer\/","name":"Neue Haust\u00fcr gef\u00f6rdert mit 1.436 Euro - e-con I Die Partner f\u00fcr Energieeffizienz, Planung und Erneuerbare Energien","isPartOf":{"@id":"https:\/\/www.e-con.de\/wp-de\/#website"},"primaryImageOfPage":{"@id":"https:\/\/www.e-con.de\/wp-de\/haustuer\/#primaryimage"},"image":{"@id":"https:\/\/www.e-con.de\/wp-de\/haustuer\/#primaryimage"},"thumbnailUrl":"https:\/\/www.e-c-o-n.de\/wp-de\/wp-content\/uploads\/2020\/07\/IMG_5926-1024x576.jpeg","datePublished":"2020-07-24T07:15:04+00:00","dateModified":"2021-11-01T18:50:04+00:00","breadcrumb":{"@id":"https:\/\/www.e-con.de\/wp-de\/haustuer\/#breadcrumb"},"inLanguage":"de","potentialAction":[{"@type":"ReadAction","target":["https:\/\/www.e-con.de\/wp-de\/haustuer\/"]}]},{"@type":"ImageObject","inLanguage":"de","@id":"https:\/\/www.e-con.de\/wp-de\/haustuer\/#primaryimage","url":"https:\/\/www.e-c-o-n.de\/wp-de\/wp-content\/uploads\/2020\/07\/IMG_5926-1024x576.jpeg","contentUrl":"https:\/\/www.e-c-o-n.de\/wp-de\/wp-content\/uploads\/2020\/07\/IMG_5926-1024x576.jpeg"},{"@type":"BreadcrumbList","@id":"https:\/\/www.e-con.de\/wp-de\/haustuer\/#breadcrumb","itemListElement":[{"@type":"ListItem","position":1,"name":"Startseite","item":"https:\/\/www.e-con.de\/wp-de\/"},{"@type":"ListItem","position":2,"name":"Neue Haust\u00fcr gef\u00f6rdert mit 1.436 Euro"}]},{"@type":"WebSite","@id":"https:\/\/www.e-con.de\/wp-de\/#website","url":"https:\/\/www.e-con.de\/wp-de\/","name":"e-con I Die Partner f\u00fcr Energieeffizienz, Planung und Erneuerbare Energien","description":"Die Partner f\u00fcr Energieeffizienz, Planung und Erneuerbare Energien","publisher":{"@id":"https:\/\/www.e-con.de\/wp-de\/#organization"},"potentialAction":[{"@type":"SearchAction","target":{"@type":"EntryPoint","urlTemplate":"https:\/\/www.e-con.de\/wp-de\/?s={search_term_string}"},"query-input":{"@type":"PropertyValueSpecification","valueRequired":true,"valueName":"search_term_string"}}],"inLanguage":"de"},{"@type":"Organization","@id":"https:\/\/www.e-con.de\/wp-de\/#organization","name":"e-con I Die Partner f\u00fcr Energieeffizienz, Planung und Erneuerbare Energien","url":"https:\/\/www.e-con.de\/wp-de\/","logo":{"@type":"ImageObject","inLanguage":"de","@id":"https:\/\/www.e-con.de\/wp-de\/#\/schema\/logo\/image\/","url":"https:\/\/www.e-con.de\/wp-de\/wp-content\/uploads\/2016\/04\/LOGO-CAD-15102015-mit-Slogan-e1460284870722.png","contentUrl":"https:\/\/www.e-con.de\/wp-de\/wp-content\/uploads\/2016\/04\/LOGO-CAD-15102015-mit-Slogan-e1460284870722.png","width":350,"height":101,"caption":"e-con I Die Partner f\u00fcr Energieeffizienz, Planung und Erneuerbare Energien"},"image":{"@id":"https:\/\/www.e-con.de\/wp-de\/#\/schema\/logo\/image\/"},"sameAs":["https:\/\/www.facebook.com\/Matthias-Sch\u00f6nhardt-1114936911891993\/"]},{"@type":"Person","@id":"https:\/\/www.e-con.de\/wp-de\/#\/schema\/person\/a59ddc4c69198c71d3e52b6d13b68233","name":"info@e-c-o-n.de","image":{"@type":"ImageObject","inLanguage":"de","@id":"https:\/\/secure.gravatar.com\/avatar\/f4a4d5978ad9a62e3bb70d9795e303b31fb7eee58cdc43819b7d41d7431a760c?s=96&d=mm&r=g","url":"https:\/\/secure.gravatar.com\/avatar\/f4a4d5978ad9a62e3bb70d9795e303b31fb7eee58cdc43819b7d41d7431a760c?s=96&d=mm&r=g","contentUrl":"https:\/\/secure.gravatar.com\/avatar\/f4a4d5978ad9a62e3bb70d9795e303b31fb7eee58cdc43819b7d41d7431a760c?s=96&d=mm&r=g","caption":"info@e-c-o-n.de"},"url":"https:\/\/www.e-con.de\/wp-de\/author\/infoe-c-o-n-de\/"}]}},"_links":{"self":[{"href":"https:\/\/www.e-con.de\/wp-de\/wp-json\/wp\/v2\/posts\/7632","targetHints":{"allow":["GET"]}}],"collection":[{"href":"https:\/\/www.e-con.de\/wp-de\/wp-json\/wp\/v2\/posts"}],"about":[{"href":"https:\/\/www.e-con.de\/wp-de\/wp-json\/wp\/v2\/types\/post"}],"author":[{"embeddable":true,"href":"https:\/\/www.e-con.de\/wp-de\/wp-json\/wp\/v2\/users\/1"}],"replies":[{"embeddable":true,"href":"https:\/\/www.e-con.de\/wp-de\/wp-json\/wp\/v2\/comments?post=7632"}],"version-history":[{"count":7,"href":"https:\/\/www.e-con.de\/wp-de\/wp-json\/wp\/v2\/posts\/7632\/revisions"}],"predecessor-version":[{"id":7641,"href":"https:\/\/www.e-con.de\/wp-de\/wp-json\/wp\/v2\/posts\/7632\/revisions\/7641"}],"wp:attachment":[{"href":"https:\/\/www.e-con.de\/wp-de\/wp-json\/wp\/v2\/media?parent=7632"}],"wp:term":[{"taxonomy":"category","embeddable":true,"href":"https:\/\/www.e-con.de\/wp-de\/wp-json\/wp\/v2\/categories?post=7632"},{"taxonomy":"post_tag","embeddable":true,"href":"https:\/\/www.e-con.de\/wp-de\/wp-json\/wp\/v2\/tags?post=7632"}],"curies":[{"name":"wp","href":"https:\/\/api.w.org\/{rel}","templated":true}]}}