{"id":2868,"date":"2020-01-02T08:36:09","date_gmt":"2020-01-02T07:36:09","guid":{"rendered":"https:\/\/www.e-c-o-n.de\/wp-de\/?p=2868"},"modified":"2021-11-01T19:52:10","modified_gmt":"2021-11-01T18:52:10","slug":"klimaschutz-durch-einsparcontracting","status":"publish","type":"post","link":"https:\/\/www.e-con.de\/wp-de\/klimaschutz-durch-einsparcontracting\/","title":{"rendered":"Klimaschutz durch Einsparcontracting"},"content":{"rendered":"\n<p>Die Studie f\u00fcr die LENA (Landesenergieagentur Sachsen-Anhalt) im Auftrag des Ministeriums f\u00fcr Umwelt, Landwirtschaft und Energie Sachsen-Anhalt wurde fristgerecht abgeschlossen. Wir danken f\u00fcr die Zusammenarbeit mit den Projektpartnern und insbesondere unseren Mitarbeitern die fachlich den Erfolg herbeigef\u00fchrt haben.<\/p>\n\n\n\n<figure class=\"wp-block-image\"><img loading=\"lazy\" decoding=\"async\" width=\"1024\" height=\"535\" src=\"https:\/\/www.e-c-o-n.de\/wp-de\/wp-content\/uploads\/2020\/01\/LENA_2-1024x535.jpeg\" alt=\"Klimaschutz durch Einsparcontracting eine Studie der e-con GmbH\" class=\"wp-image-2877\" srcset=\"https:\/\/www.e-con.de\/wp-de\/wp-content\/uploads\/2020\/01\/LENA_2-1024x535.jpeg 1024w, https:\/\/www.e-con.de\/wp-de\/wp-content\/uploads\/2020\/01\/LENA_2-300x157.jpeg 300w, https:\/\/www.e-con.de\/wp-de\/wp-content\/uploads\/2020\/01\/LENA_2-768x401.jpeg 768w, https:\/\/www.e-con.de\/wp-de\/wp-content\/uploads\/2020\/01\/LENA_2-600x314.jpeg 600w\" sizes=\"auto, (max-width: 1024px) 100vw, 1024px\" \/><\/figure>\n\n\n\n<p>Die Studie f\u00fcr die LENA (Landesenergieagentur Sachsen-Anhalt) im Auftrag des Ministeriums f\u00fcr Umwelt, Landwirtschaft und Energie Sachsen-Anhalt wurde fristgerecht abgeschlossen. Wir danken f\u00fcr die Zusammenarbeit mit den Projektpartnern und insbesondere unseren Mitarbeitern die fachlich den Erfolg herbeigef\u00fchrt haben.<\/p>\n\n\n\n<p>Die Umr\u00fcstung der Stra\u00dfenbeleuchtung auf LED stellt erwiesenerma\u00dfen eine Option dar, einen Beitrag zum Klimaschutz zu leisten und gleichzeitig Kosten zu sparen. F\u00fcr Kommunen in haushaltstechnisch schwieriger Situation stellt dabei die herk\u00f6mmliche Beschaffungsvariante oft nur eine theoretische Variante dar, da die M\u00f6glichkeiten der Kreditaufnahme sehr begrenzt sind.&nbsp;<\/p>\n\n\n\n<p>Bei einem Einspar-Contracting garantiert der Contractor Einsparungen im Vergleich zur Ausgangssituation. Die Finanzierung aller vereinbarten Ma\u00dfnahmen zur Erreichung des Einsparziels \u00fcbernimmt der Contractor. Der Contractinggeber \u00fcbernimmt keinerlei Investitionskosten.&nbsp;<\/p>\n\n\n\n<p>Allerdings setzt das Einspar-Contracting eine intensive Vorbereitung voraus. Ausgehend von den haushaltsrechtlichen Rahmenbedingungen sind bereits in der Phase der Voruntersuchungen verschiedene Beschaffungsvarianten (herk\u00f6mmliche Beschaffung = Eigenbau \/ -betrieb oder Contracting) zu pr\u00fcfen und im Hinblick auf die Wirtschaftlichkeit zu vergleichen.&nbsp;<\/p>\n\n\n\n<p><strong>In einem Modellprojekt wurde am Beispiel von 4 Kommunen von der Bestandsaufnahme bis zum Vertragsabschluss mit einem Contractor gezeigt, welche Bedingungen zu erf\u00fcllen sind, um das Instrument Einspar-Contracting f\u00fcr die Modernisierung der Stra\u00dfenbeleuchtung einsetzen zu k\u00f6nnen.&nbsp;<\/strong><\/p>\n","protected":false},"excerpt":{"rendered":"<p>Die Studie f\u00fcr die LENA (Landesenergieagentur Sachsen-Anhalt) im Auftrag des Ministeriums f\u00fcr Umwelt, Landwirtschaft und Energie Sachsen-Anhalt wurde fristgerecht abgeschlossen. Wir danken f\u00fcr die Zusammenarbeit mit den Projektpartnern und insbesondere unseren Mitarbeitern die fachlich den Erfolg herbeigef\u00fchrt haben. Die Studie f\u00fcr die LENA (Landesenergieagentur Sachsen-Anhalt) im Auftrag des Ministeriums f\u00fcr Umwelt, Landwirtschaft und Energie Sachsen-Anhalt &#8230; <a title=\"Klimaschutz durch Einsparcontracting\" class=\"read-more\" href=\"https:\/\/www.e-con.de\/wp-de\/klimaschutz-durch-einsparcontracting\/\" aria-label=\"Mehr Informationen \u00fcber Klimaschutz durch Einsparcontracting\">Weiterlesen &#8230;<\/a><\/p>\n","protected":false},"author":1,"featured_media":0,"comment_status":"closed","ping_status":"open","sticky":false,"template":"","format":"standard","meta":{"ngg_post_thumbnail":0,"generate_page_header":"","footnotes":""},"categories":[1],"tags":[269,276,277,283,213,273,212,274,281,270,282,268,271],"class_list":["post-2868","post","type-post","status-publish","format-standard","hentry","category-allgemein","tag-bafa","tag-berga","tag-berlin","tag-ch","tag-e-con","tag-e-consult","tag-econ","tag-econsult","tag-energetische","tag-fenster","tag-heizung","tag-kfw","tag-sanierung"],"yoast_head":"<!-- This site is optimized with the Yoast SEO plugin v27.5 - https:\/\/yoast.com\/product\/yoast-seo-wordpress\/ -->\n<title>Klimaschutz durch Einsparcontracting - e-con I Die Partner f\u00fcr Energieeffizienz, Planung und Erneuerbare Energien<\/title>\n<meta name=\"robots\" content=\"index, follow, max-snippet:-1, max-image-preview:large, max-video-preview:-1\" \/>\n<link rel=\"canonical\" href=\"https:\/\/www.e-con.de\/wp-de\/klimaschutz-durch-einsparcontracting\/\" \/>\n<meta property=\"og:locale\" content=\"de_DE\" \/>\n<meta property=\"og:type\" content=\"article\" \/>\n<meta property=\"og:title\" content=\"Klimaschutz durch Einsparcontracting - e-con I Die Partner f\u00fcr Energieeffizienz, Planung und Erneuerbare Energien\" \/>\n<meta property=\"og:description\" content=\"Die Studie f\u00fcr die LENA (Landesenergieagentur Sachsen-Anhalt) im Auftrag des Ministeriums f\u00fcr Umwelt, Landwirtschaft und Energie Sachsen-Anhalt wurde fristgerecht abgeschlossen. Wir danken f\u00fcr die Zusammenarbeit mit den Projektpartnern und insbesondere unseren Mitarbeitern die fachlich den Erfolg herbeigef\u00fchrt haben. Die Studie f\u00fcr die LENA (Landesenergieagentur Sachsen-Anhalt) im Auftrag des Ministeriums f\u00fcr Umwelt, Landwirtschaft und Energie Sachsen-Anhalt ... Weiterlesen ...\" \/>\n<meta property=\"og:url\" content=\"https:\/\/www.e-con.de\/wp-de\/klimaschutz-durch-einsparcontracting\/\" \/>\n<meta property=\"og:site_name\" content=\"e-con I Die Partner f\u00fcr Energieeffizienz, Planung und Erneuerbare Energien\" \/>\n<meta property=\"article:publisher\" content=\"https:\/\/www.facebook.com\/Matthias-Sch%c3%b6nhardt-1114936911891993\/\" \/>\n<meta property=\"article:published_time\" content=\"2020-01-02T07:36:09+00:00\" \/>\n<meta property=\"article:modified_time\" content=\"2021-11-01T18:52:10+00:00\" \/>\n<meta property=\"og:image\" content=\"https:\/\/www.e-c-o-n.de\/wp-de\/wp-content\/uploads\/2020\/01\/LENA_2-1024x535.jpeg\" \/>\n<meta name=\"author\" content=\"info@e-c-o-n.de\" \/>\n<meta name=\"twitter:card\" content=\"summary_large_image\" \/>\n<meta name=\"twitter:label1\" content=\"Verfasst von\" \/>\n\t<meta name=\"twitter:data1\" content=\"info@e-c-o-n.de\" \/>\n\t<meta name=\"twitter:label2\" content=\"Gesch\u00e4tzte Lesezeit\" \/>\n\t<meta name=\"twitter:data2\" content=\"1\u00a0Minute\" \/>\n<script type=\"application\/ld+json\" class=\"yoast-schema-graph\">{\"@context\":\"https:\\\/\\\/schema.org\",\"@graph\":[{\"@type\":\"Article\",\"@id\":\"https:\\\/\\\/www.e-con.de\\\/wp-de\\\/klimaschutz-durch-einsparcontracting\\\/#article\",\"isPartOf\":{\"@id\":\"https:\\\/\\\/www.e-con.de\\\/wp-de\\\/klimaschutz-durch-einsparcontracting\\\/\"},\"author\":{\"name\":\"info@e-c-o-n.de\",\"@id\":\"https:\\\/\\\/www.e-con.de\\\/wp-de\\\/#\\\/schema\\\/person\\\/a59ddc4c69198c71d3e52b6d13b68233\"},\"headline\":\"Klimaschutz durch Einsparcontracting\",\"datePublished\":\"2020-01-02T07:36:09+00:00\",\"dateModified\":\"2021-11-01T18:52:10+00:00\",\"mainEntityOfPage\":{\"@id\":\"https:\\\/\\\/www.e-con.de\\\/wp-de\\\/klimaschutz-durch-einsparcontracting\\\/\"},\"wordCount\":252,\"publisher\":{\"@id\":\"https:\\\/\\\/www.e-con.de\\\/wp-de\\\/#organization\"},\"image\":{\"@id\":\"https:\\\/\\\/www.e-con.de\\\/wp-de\\\/klimaschutz-durch-einsparcontracting\\\/#primaryimage\"},\"thumbnailUrl\":\"https:\\\/\\\/www.e-c-o-n.de\\\/wp-de\\\/wp-content\\\/uploads\\\/2020\\\/01\\\/LENA_2-1024x535.jpeg\",\"keywords\":[\"bafa\",\"berga\",\"berlin\",\"ch\",\"e-con\",\"e-consult\",\"econ\",\"econsult\",\"energetische\",\"fenster\",\"Heizung\",\"kfw\",\"sanierung\"],\"inLanguage\":\"de\"},{\"@type\":\"WebPage\",\"@id\":\"https:\\\/\\\/www.e-con.de\\\/wp-de\\\/klimaschutz-durch-einsparcontracting\\\/\",\"url\":\"https:\\\/\\\/www.e-con.de\\\/wp-de\\\/klimaschutz-durch-einsparcontracting\\\/\",\"name\":\"Klimaschutz durch Einsparcontracting - e-con I Die Partner f\u00fcr Energieeffizienz, Planung und Erneuerbare Energien\",\"isPartOf\":{\"@id\":\"https:\\\/\\\/www.e-con.de\\\/wp-de\\\/#website\"},\"primaryImageOfPage\":{\"@id\":\"https:\\\/\\\/www.e-con.de\\\/wp-de\\\/klimaschutz-durch-einsparcontracting\\\/#primaryimage\"},\"image\":{\"@id\":\"https:\\\/\\\/www.e-con.de\\\/wp-de\\\/klimaschutz-durch-einsparcontracting\\\/#primaryimage\"},\"thumbnailUrl\":\"https:\\\/\\\/www.e-c-o-n.de\\\/wp-de\\\/wp-content\\\/uploads\\\/2020\\\/01\\\/LENA_2-1024x535.jpeg\",\"datePublished\":\"2020-01-02T07:36:09+00:00\",\"dateModified\":\"2021-11-01T18:52:10+00:00\",\"breadcrumb\":{\"@id\":\"https:\\\/\\\/www.e-con.de\\\/wp-de\\\/klimaschutz-durch-einsparcontracting\\\/#breadcrumb\"},\"inLanguage\":\"de\",\"potentialAction\":[{\"@type\":\"ReadAction\",\"target\":[\"https:\\\/\\\/www.e-con.de\\\/wp-de\\\/klimaschutz-durch-einsparcontracting\\\/\"]}]},{\"@type\":\"ImageObject\",\"inLanguage\":\"de\",\"@id\":\"https:\\\/\\\/www.e-con.de\\\/wp-de\\\/klimaschutz-durch-einsparcontracting\\\/#primaryimage\",\"url\":\"https:\\\/\\\/www.e-c-o-n.de\\\/wp-de\\\/wp-content\\\/uploads\\\/2020\\\/01\\\/LENA_2-1024x535.jpeg\",\"contentUrl\":\"https:\\\/\\\/www.e-c-o-n.de\\\/wp-de\\\/wp-content\\\/uploads\\\/2020\\\/01\\\/LENA_2-1024x535.jpeg\"},{\"@type\":\"BreadcrumbList\",\"@id\":\"https:\\\/\\\/www.e-con.de\\\/wp-de\\\/klimaschutz-durch-einsparcontracting\\\/#breadcrumb\",\"itemListElement\":[{\"@type\":\"ListItem\",\"position\":1,\"name\":\"Startseite\",\"item\":\"https:\\\/\\\/www.e-con.de\\\/wp-de\\\/\"},{\"@type\":\"ListItem\",\"position\":2,\"name\":\"Klimaschutz durch Einsparcontracting\"}]},{\"@type\":\"WebSite\",\"@id\":\"https:\\\/\\\/www.e-con.de\\\/wp-de\\\/#website\",\"url\":\"https:\\\/\\\/www.e-con.de\\\/wp-de\\\/\",\"name\":\"e-con I Die Partner f\u00fcr Energieeffizienz, Planung und Erneuerbare Energien\",\"description\":\"Die Partner f\u00fcr Energieeffizienz, Planung und Erneuerbare Energien\",\"publisher\":{\"@id\":\"https:\\\/\\\/www.e-con.de\\\/wp-de\\\/#organization\"},\"potentialAction\":[{\"@type\":\"SearchAction\",\"target\":{\"@type\":\"EntryPoint\",\"urlTemplate\":\"https:\\\/\\\/www.e-con.de\\\/wp-de\\\/?s={search_term_string}\"},\"query-input\":{\"@type\":\"PropertyValueSpecification\",\"valueRequired\":true,\"valueName\":\"search_term_string\"}}],\"inLanguage\":\"de\"},{\"@type\":\"Organization\",\"@id\":\"https:\\\/\\\/www.e-con.de\\\/wp-de\\\/#organization\",\"name\":\"e-con I Die Partner f\u00fcr Energieeffizienz, Planung und Erneuerbare Energien\",\"url\":\"https:\\\/\\\/www.e-con.de\\\/wp-de\\\/\",\"logo\":{\"@type\":\"ImageObject\",\"inLanguage\":\"de\",\"@id\":\"https:\\\/\\\/www.e-con.de\\\/wp-de\\\/#\\\/schema\\\/logo\\\/image\\\/\",\"url\":\"https:\\\/\\\/www.e-con.de\\\/wp-de\\\/wp-content\\\/uploads\\\/2016\\\/04\\\/LOGO-CAD-15102015-mit-Slogan-e1460284870722.png\",\"contentUrl\":\"https:\\\/\\\/www.e-con.de\\\/wp-de\\\/wp-content\\\/uploads\\\/2016\\\/04\\\/LOGO-CAD-15102015-mit-Slogan-e1460284870722.png\",\"width\":350,\"height\":101,\"caption\":\"e-con I Die Partner f\u00fcr Energieeffizienz, Planung und Erneuerbare Energien\"},\"image\":{\"@id\":\"https:\\\/\\\/www.e-con.de\\\/wp-de\\\/#\\\/schema\\\/logo\\\/image\\\/\"},\"sameAs\":[\"https:\\\/\\\/www.facebook.com\\\/Matthias-Sch\u00f6nhardt-1114936911891993\\\/\"]},{\"@type\":\"Person\",\"@id\":\"https:\\\/\\\/www.e-con.de\\\/wp-de\\\/#\\\/schema\\\/person\\\/a59ddc4c69198c71d3e52b6d13b68233\",\"name\":\"info@e-c-o-n.de\",\"image\":{\"@type\":\"ImageObject\",\"inLanguage\":\"de\",\"@id\":\"https:\\\/\\\/secure.gravatar.com\\\/avatar\\\/f4a4d5978ad9a62e3bb70d9795e303b31fb7eee58cdc43819b7d41d7431a760c?s=96&d=mm&r=g\",\"url\":\"https:\\\/\\\/secure.gravatar.com\\\/avatar\\\/f4a4d5978ad9a62e3bb70d9795e303b31fb7eee58cdc43819b7d41d7431a760c?s=96&d=mm&r=g\",\"contentUrl\":\"https:\\\/\\\/secure.gravatar.com\\\/avatar\\\/f4a4d5978ad9a62e3bb70d9795e303b31fb7eee58cdc43819b7d41d7431a760c?s=96&d=mm&r=g\",\"caption\":\"info@e-c-o-n.de\"},\"url\":\"https:\\\/\\\/www.e-con.de\\\/wp-de\\\/author\\\/infoe-c-o-n-de\\\/\"}]}<\/script>\n<!-- \/ Yoast SEO plugin. -->","yoast_head_json":{"title":"Klimaschutz durch Einsparcontracting - e-con I Die Partner f\u00fcr Energieeffizienz, Planung und Erneuerbare Energien","robots":{"index":"index","follow":"follow","max-snippet":"max-snippet:-1","max-image-preview":"max-image-preview:large","max-video-preview":"max-video-preview:-1"},"canonical":"https:\/\/www.e-con.de\/wp-de\/klimaschutz-durch-einsparcontracting\/","og_locale":"de_DE","og_type":"article","og_title":"Klimaschutz durch Einsparcontracting - e-con I Die Partner f\u00fcr Energieeffizienz, Planung und Erneuerbare Energien","og_description":"Die Studie f\u00fcr die LENA (Landesenergieagentur Sachsen-Anhalt) im Auftrag des Ministeriums f\u00fcr Umwelt, Landwirtschaft und Energie Sachsen-Anhalt wurde fristgerecht abgeschlossen. Wir danken f\u00fcr die Zusammenarbeit mit den Projektpartnern und insbesondere unseren Mitarbeitern die fachlich den Erfolg herbeigef\u00fchrt haben. Die Studie f\u00fcr die LENA (Landesenergieagentur Sachsen-Anhalt) im Auftrag des Ministeriums f\u00fcr Umwelt, Landwirtschaft und Energie Sachsen-Anhalt ... Weiterlesen ...","og_url":"https:\/\/www.e-con.de\/wp-de\/klimaschutz-durch-einsparcontracting\/","og_site_name":"e-con I Die Partner f\u00fcr Energieeffizienz, Planung und Erneuerbare Energien","article_publisher":"https:\/\/www.facebook.com\/Matthias-Sch%c3%b6nhardt-1114936911891993\/","article_published_time":"2020-01-02T07:36:09+00:00","article_modified_time":"2021-11-01T18:52:10+00:00","og_image":[{"url":"https:\/\/www.e-c-o-n.de\/wp-de\/wp-content\/uploads\/2020\/01\/LENA_2-1024x535.jpeg","type":"","width":"","height":""}],"author":"info@e-c-o-n.de","twitter_card":"summary_large_image","twitter_misc":{"Verfasst von":"info@e-c-o-n.de","Gesch\u00e4tzte Lesezeit":"1\u00a0Minute"},"schema":{"@context":"https:\/\/schema.org","@graph":[{"@type":"Article","@id":"https:\/\/www.e-con.de\/wp-de\/klimaschutz-durch-einsparcontracting\/#article","isPartOf":{"@id":"https:\/\/www.e-con.de\/wp-de\/klimaschutz-durch-einsparcontracting\/"},"author":{"name":"info@e-c-o-n.de","@id":"https:\/\/www.e-con.de\/wp-de\/#\/schema\/person\/a59ddc4c69198c71d3e52b6d13b68233"},"headline":"Klimaschutz durch Einsparcontracting","datePublished":"2020-01-02T07:36:09+00:00","dateModified":"2021-11-01T18:52:10+00:00","mainEntityOfPage":{"@id":"https:\/\/www.e-con.de\/wp-de\/klimaschutz-durch-einsparcontracting\/"},"wordCount":252,"publisher":{"@id":"https:\/\/www.e-con.de\/wp-de\/#organization"},"image":{"@id":"https:\/\/www.e-con.de\/wp-de\/klimaschutz-durch-einsparcontracting\/#primaryimage"},"thumbnailUrl":"https:\/\/www.e-c-o-n.de\/wp-de\/wp-content\/uploads\/2020\/01\/LENA_2-1024x535.jpeg","keywords":["bafa","berga","berlin","ch","e-con","e-consult","econ","econsult","energetische","fenster","Heizung","kfw","sanierung"],"inLanguage":"de"},{"@type":"WebPage","@id":"https:\/\/www.e-con.de\/wp-de\/klimaschutz-durch-einsparcontracting\/","url":"https:\/\/www.e-con.de\/wp-de\/klimaschutz-durch-einsparcontracting\/","name":"Klimaschutz durch Einsparcontracting - e-con I Die Partner f\u00fcr Energieeffizienz, Planung und Erneuerbare Energien","isPartOf":{"@id":"https:\/\/www.e-con.de\/wp-de\/#website"},"primaryImageOfPage":{"@id":"https:\/\/www.e-con.de\/wp-de\/klimaschutz-durch-einsparcontracting\/#primaryimage"},"image":{"@id":"https:\/\/www.e-con.de\/wp-de\/klimaschutz-durch-einsparcontracting\/#primaryimage"},"thumbnailUrl":"https:\/\/www.e-c-o-n.de\/wp-de\/wp-content\/uploads\/2020\/01\/LENA_2-1024x535.jpeg","datePublished":"2020-01-02T07:36:09+00:00","dateModified":"2021-11-01T18:52:10+00:00","breadcrumb":{"@id":"https:\/\/www.e-con.de\/wp-de\/klimaschutz-durch-einsparcontracting\/#breadcrumb"},"inLanguage":"de","potentialAction":[{"@type":"ReadAction","target":["https:\/\/www.e-con.de\/wp-de\/klimaschutz-durch-einsparcontracting\/"]}]},{"@type":"ImageObject","inLanguage":"de","@id":"https:\/\/www.e-con.de\/wp-de\/klimaschutz-durch-einsparcontracting\/#primaryimage","url":"https:\/\/www.e-c-o-n.de\/wp-de\/wp-content\/uploads\/2020\/01\/LENA_2-1024x535.jpeg","contentUrl":"https:\/\/www.e-c-o-n.de\/wp-de\/wp-content\/uploads\/2020\/01\/LENA_2-1024x535.jpeg"},{"@type":"BreadcrumbList","@id":"https:\/\/www.e-con.de\/wp-de\/klimaschutz-durch-einsparcontracting\/#breadcrumb","itemListElement":[{"@type":"ListItem","position":1,"name":"Startseite","item":"https:\/\/www.e-con.de\/wp-de\/"},{"@type":"ListItem","position":2,"name":"Klimaschutz durch Einsparcontracting"}]},{"@type":"WebSite","@id":"https:\/\/www.e-con.de\/wp-de\/#website","url":"https:\/\/www.e-con.de\/wp-de\/","name":"e-con I Die Partner f\u00fcr Energieeffizienz, Planung und Erneuerbare Energien","description":"Die Partner f\u00fcr Energieeffizienz, Planung und Erneuerbare Energien","publisher":{"@id":"https:\/\/www.e-con.de\/wp-de\/#organization"},"potentialAction":[{"@type":"SearchAction","target":{"@type":"EntryPoint","urlTemplate":"https:\/\/www.e-con.de\/wp-de\/?s={search_term_string}"},"query-input":{"@type":"PropertyValueSpecification","valueRequired":true,"valueName":"search_term_string"}}],"inLanguage":"de"},{"@type":"Organization","@id":"https:\/\/www.e-con.de\/wp-de\/#organization","name":"e-con I Die Partner f\u00fcr Energieeffizienz, Planung und Erneuerbare Energien","url":"https:\/\/www.e-con.de\/wp-de\/","logo":{"@type":"ImageObject","inLanguage":"de","@id":"https:\/\/www.e-con.de\/wp-de\/#\/schema\/logo\/image\/","url":"https:\/\/www.e-con.de\/wp-de\/wp-content\/uploads\/2016\/04\/LOGO-CAD-15102015-mit-Slogan-e1460284870722.png","contentUrl":"https:\/\/www.e-con.de\/wp-de\/wp-content\/uploads\/2016\/04\/LOGO-CAD-15102015-mit-Slogan-e1460284870722.png","width":350,"height":101,"caption":"e-con I Die Partner f\u00fcr Energieeffizienz, Planung und Erneuerbare Energien"},"image":{"@id":"https:\/\/www.e-con.de\/wp-de\/#\/schema\/logo\/image\/"},"sameAs":["https:\/\/www.facebook.com\/Matthias-Sch\u00f6nhardt-1114936911891993\/"]},{"@type":"Person","@id":"https:\/\/www.e-con.de\/wp-de\/#\/schema\/person\/a59ddc4c69198c71d3e52b6d13b68233","name":"info@e-c-o-n.de","image":{"@type":"ImageObject","inLanguage":"de","@id":"https:\/\/secure.gravatar.com\/avatar\/f4a4d5978ad9a62e3bb70d9795e303b31fb7eee58cdc43819b7d41d7431a760c?s=96&d=mm&r=g","url":"https:\/\/secure.gravatar.com\/avatar\/f4a4d5978ad9a62e3bb70d9795e303b31fb7eee58cdc43819b7d41d7431a760c?s=96&d=mm&r=g","contentUrl":"https:\/\/secure.gravatar.com\/avatar\/f4a4d5978ad9a62e3bb70d9795e303b31fb7eee58cdc43819b7d41d7431a760c?s=96&d=mm&r=g","caption":"info@e-c-o-n.de"},"url":"https:\/\/www.e-con.de\/wp-de\/author\/infoe-c-o-n-de\/"}]}},"_links":{"self":[{"href":"https:\/\/www.e-con.de\/wp-de\/wp-json\/wp\/v2\/posts\/2868","targetHints":{"allow":["GET"]}}],"collection":[{"href":"https:\/\/www.e-con.de\/wp-de\/wp-json\/wp\/v2\/posts"}],"about":[{"href":"https:\/\/www.e-con.de\/wp-de\/wp-json\/wp\/v2\/types\/post"}],"author":[{"embeddable":true,"href":"https:\/\/www.e-con.de\/wp-de\/wp-json\/wp\/v2\/users\/1"}],"replies":[{"embeddable":true,"href":"https:\/\/www.e-con.de\/wp-de\/wp-json\/wp\/v2\/comments?post=2868"}],"version-history":[{"count":6,"href":"https:\/\/www.e-con.de\/wp-de\/wp-json\/wp\/v2\/posts\/2868\/revisions"}],"predecessor-version":[{"id":2878,"href":"https:\/\/www.e-con.de\/wp-de\/wp-json\/wp\/v2\/posts\/2868\/revisions\/2878"}],"wp:attachment":[{"href":"https:\/\/www.e-con.de\/wp-de\/wp-json\/wp\/v2\/media?parent=2868"}],"wp:term":[{"taxonomy":"category","embeddable":true,"href":"https:\/\/www.e-con.de\/wp-de\/wp-json\/wp\/v2\/categories?post=2868"},{"taxonomy":"post_tag","embeddable":true,"href":"https:\/\/www.e-con.de\/wp-de\/wp-json\/wp\/v2\/tags?post=2868"}],"curies":[{"name":"wp","href":"https:\/\/api.w.org\/{rel}","templated":true}]}}