{"id":2725,"date":"2018-08-23T20:37:08","date_gmt":"2018-08-23T18:37:08","guid":{"rendered":"https:\/\/www.e-c-o-n.de\/wp-de\/?p=2725"},"modified":"2021-11-01T19:54:28","modified_gmt":"2021-11-01T18:54:28","slug":"ehemalige-gaststaette-zum-fass","status":"publish","type":"post","link":"https:\/\/www.e-con.de\/wp-de\/ehemalige-gaststaette-zum-fass\/","title":{"rendered":"Ehemalige Gastst\u00e4tte &#8222;Zum Fass&#8220;"},"content":{"rendered":"<p>Die ehemalige Gasst\u00e4tte &#8222;Zum Fass&#8220; erh\u00e4lt eine neue Benutzung. Hier entsteht Wohn- und Gesch\u00e4ftsraum. Die e-con GmbH begleitet das Vorhaben in allen <a href=\"https:\/\/www.e-c-o-n.de\/wp-de\/bauplanung\/\">technischen Planungsabschnitten<\/a>.<\/p>\n<pre>Statik - Brandschutz - Energieplanung - F\u00f6rdermittelberatung als Komplexl\u00f6sung<\/pre>\n<p>Wir erarbeiten die Statik, das Energiekonzept und das Brandschutzgutachten. Nat\u00fcrlich unterst\u00fctzt e-con mit der Akquise und Beantragung von F\u00f6rdermitteln als Energieeffizientexperte und gelisteter Energie- und Umweltberater der Investitionsbank Sachsen-Anhalt. Durch den Einsatz von intelligenten Energiel\u00f6sungen entsteht ein nachhaltiges umweltbewusstes und zukunftweisendes Bauwerk.<\/p>\n<p>&nbsp;<\/p>\n<p><img loading=\"lazy\" decoding=\"async\" class=\"aligncenter wp-image-2727 size-large\" src=\"https:\/\/www.e-c-o-n.de\/wp-de\/wp-content\/uploads\/2018\/08\/Fa\u00df-au\u00dfen-4-1024x621.jpg\" alt=\"Zum Fass Eingangsbereich\" width=\"1024\" height=\"621\" srcset=\"https:\/\/www.e-con.de\/wp-de\/wp-content\/uploads\/2018\/08\/Fa\u00df-au\u00dfen-4-1024x621.jpg 1024w, https:\/\/www.e-con.de\/wp-de\/wp-content\/uploads\/2018\/08\/Fa\u00df-au\u00dfen-4-300x182.jpg 300w, https:\/\/www.e-con.de\/wp-de\/wp-content\/uploads\/2018\/08\/Fa\u00df-au\u00dfen-4-768x466.jpg 768w, https:\/\/www.e-con.de\/wp-de\/wp-content\/uploads\/2018\/08\/Fa\u00df-au\u00dfen-4-600x364.jpg 600w, https:\/\/www.e-con.de\/wp-de\/wp-content\/uploads\/2018\/08\/Fa\u00df-au\u00dfen-4.jpg 1575w\" sizes=\"auto, (max-width: 1024px) 100vw, 1024px\" \/><\/p>\n<p><img loading=\"lazy\" decoding=\"async\" class=\"aligncenter wp-image-2728 size-large\" src=\"https:\/\/www.e-c-o-n.de\/wp-de\/wp-content\/uploads\/2018\/08\/WZ2-1024x576.jpg\" alt=\"Zum Fass Einblick\" width=\"1024\" height=\"576\" srcset=\"https:\/\/www.e-con.de\/wp-de\/wp-content\/uploads\/2018\/08\/WZ2-1024x576.jpg 1024w, https:\/\/www.e-con.de\/wp-de\/wp-content\/uploads\/2018\/08\/WZ2-300x169.jpg 300w, https:\/\/www.e-con.de\/wp-de\/wp-content\/uploads\/2018\/08\/WZ2-768x432.jpg 768w, https:\/\/www.e-con.de\/wp-de\/wp-content\/uploads\/2018\/08\/WZ2-600x338.jpg 600w, https:\/\/www.e-con.de\/wp-de\/wp-content\/uploads\/2018\/08\/WZ2.jpg 1920w\" sizes=\"auto, (max-width: 1024px) 100vw, 1024px\" \/>&nbsp;<\/p>\n","protected":false},"excerpt":{"rendered":"<p>Die ehemalige Gasst\u00e4tte &#8222;Zum Fass&#8220; erh\u00e4lt eine neue Benutzung. Hier entsteht Wohn- und Gesch\u00e4ftsraum. Die e-con GmbH begleitet das Vorhaben in allen technischen Planungsabschnitten. Statik &#8211; Brandschutz &#8211; Energieplanung &#8211; F\u00f6rdermittelberatung als Komplexl\u00f6sung Wir erarbeiten die Statik, das Energiekonzept und das Brandschutzgutachten. Nat\u00fcrlich unterst\u00fctzt e-con mit der Akquise und Beantragung von F\u00f6rdermitteln als Energieeffizientexperte und &#8230; <a title=\"Ehemalige Gastst\u00e4tte &#8222;Zum Fass&#8220;\" class=\"read-more\" href=\"https:\/\/www.e-con.de\/wp-de\/ehemalige-gaststaette-zum-fass\/\" aria-label=\"Mehr Informationen \u00fcber Ehemalige Gastst\u00e4tte &#8222;Zum Fass&#8220;\">Weiterlesen &#8230;<\/a><\/p>\n","protected":false},"author":1,"featured_media":2726,"comment_status":"closed","ping_status":"open","sticky":false,"template":"","format":"standard","meta":{"ngg_post_thumbnail":0,"generate_page_header":"","footnotes":""},"categories":[1],"tags":[269,276,277,213,273,212,274,281,284,285,270,282,268,271],"class_list":["post-2725","post","type-post","status-publish","format-standard","has-post-thumbnail","hentry","category-allgemein","tag-bafa","tag-berga","tag-berlin","tag-e-con","tag-e-consult","tag-econ","tag-econsult","tag-energetische","tag-energieberatung","tag-energiekonzepte","tag-fenster","tag-heizung","tag-kfw","tag-sanierung"],"yoast_head":"<!-- This site is optimized with the Yoast SEO plugin v27.5 - https:\/\/yoast.com\/product\/yoast-seo-wordpress\/ -->\n<title>Ehemalige Gastst\u00e4tte &quot;Zum Fass&quot; - e-con I Die Partner f\u00fcr Energieeffizienz, Planung und Erneuerbare Energien<\/title>\n<meta name=\"description\" content=\"Die ehemalige Gastst\u00e4tte &quot;Zum Fass&quot; erh\u00e4lt einen weiteren Lebensabschnitt. e-con GmbH tr\u00e4gt dazu bei mit den Fachplanungen Brandschutz, Statik und Energie. Auch regenerative Energien kommen zum Einsatz.\" \/>\n<meta name=\"robots\" content=\"index, follow, max-snippet:-1, max-image-preview:large, max-video-preview:-1\" \/>\n<link rel=\"canonical\" href=\"https:\/\/www.e-con.de\/wp-de\/ehemalige-gaststaette-zum-fass\/\" \/>\n<meta property=\"og:locale\" content=\"de_DE\" \/>\n<meta property=\"og:type\" content=\"article\" \/>\n<meta property=\"og:title\" content=\"Ehemalige Gastst\u00e4tte &quot;Zum Fass&quot; - e-con I Die Partner f\u00fcr Energieeffizienz, Planung und Erneuerbare Energien\" \/>\n<meta property=\"og:description\" content=\"Die ehemalige Gastst\u00e4tte &quot;Zum Fass&quot; erh\u00e4lt einen weiteren Lebensabschnitt. e-con GmbH tr\u00e4gt dazu bei mit den Fachplanungen Brandschutz, Statik und Energie. Auch regenerative Energien kommen zum Einsatz.\" \/>\n<meta property=\"og:url\" content=\"https:\/\/www.e-con.de\/wp-de\/ehemalige-gaststaette-zum-fass\/\" \/>\n<meta property=\"og:site_name\" content=\"e-con I Die Partner f\u00fcr Energieeffizienz, Planung und Erneuerbare Energien\" \/>\n<meta property=\"article:publisher\" content=\"https:\/\/www.facebook.com\/Matthias-Sch%c3%b6nhardt-1114936911891993\/\" \/>\n<meta property=\"article:published_time\" content=\"2018-08-23T18:37:08+00:00\" \/>\n<meta property=\"article:modified_time\" content=\"2021-11-01T18:54:28+00:00\" \/>\n<meta property=\"og:image\" content=\"https:\/\/www.e-con.de\/wp-de\/wp-content\/uploads\/2018\/08\/Fa\u00df-final-Bild1.jpg\" \/>\n\t<meta property=\"og:image:width\" content=\"1754\" \/>\n\t<meta property=\"og:image:height\" content=\"839\" \/>\n\t<meta property=\"og:image:type\" content=\"image\/jpeg\" \/>\n<meta name=\"author\" content=\"info@e-c-o-n.de\" \/>\n<meta name=\"twitter:card\" content=\"summary_large_image\" \/>\n<meta name=\"twitter:label1\" content=\"Verfasst von\" \/>\n\t<meta name=\"twitter:data1\" content=\"info@e-c-o-n.de\" \/>\n<script type=\"application\/ld+json\" class=\"yoast-schema-graph\">{\"@context\":\"https:\\\/\\\/schema.org\",\"@graph\":[{\"@type\":\"Article\",\"@id\":\"https:\\\/\\\/www.e-con.de\\\/wp-de\\\/ehemalige-gaststaette-zum-fass\\\/#article\",\"isPartOf\":{\"@id\":\"https:\\\/\\\/www.e-con.de\\\/wp-de\\\/ehemalige-gaststaette-zum-fass\\\/\"},\"author\":{\"name\":\"info@e-c-o-n.de\",\"@id\":\"https:\\\/\\\/www.e-con.de\\\/wp-de\\\/#\\\/schema\\\/person\\\/a59ddc4c69198c71d3e52b6d13b68233\"},\"headline\":\"Ehemalige Gastst\u00e4tte &#8222;Zum Fass&#8220;\",\"datePublished\":\"2018-08-23T18:37:08+00:00\",\"dateModified\":\"2021-11-01T18:54:28+00:00\",\"mainEntityOfPage\":{\"@id\":\"https:\\\/\\\/www.e-con.de\\\/wp-de\\\/ehemalige-gaststaette-zum-fass\\\/\"},\"wordCount\":80,\"publisher\":{\"@id\":\"https:\\\/\\\/www.e-con.de\\\/wp-de\\\/#organization\"},\"image\":{\"@id\":\"https:\\\/\\\/www.e-con.de\\\/wp-de\\\/ehemalige-gaststaette-zum-fass\\\/#primaryimage\"},\"thumbnailUrl\":\"https:\\\/\\\/www.e-con.de\\\/wp-de\\\/wp-content\\\/uploads\\\/2018\\\/08\\\/Fa\u00df-final-Bild1.jpg\",\"keywords\":[\"bafa\",\"berga\",\"berlin\",\"e-con\",\"e-consult\",\"econ\",\"econsult\",\"energetische\",\"Energieberatung\",\"Energiekonzepte\",\"fenster\",\"Heizung\",\"kfw\",\"sanierung\"],\"inLanguage\":\"de\"},{\"@type\":\"WebPage\",\"@id\":\"https:\\\/\\\/www.e-con.de\\\/wp-de\\\/ehemalige-gaststaette-zum-fass\\\/\",\"url\":\"https:\\\/\\\/www.e-con.de\\\/wp-de\\\/ehemalige-gaststaette-zum-fass\\\/\",\"name\":\"Ehemalige Gastst\u00e4tte \\\"Zum Fass\\\" - e-con I Die Partner f\u00fcr Energieeffizienz, Planung und Erneuerbare Energien\",\"isPartOf\":{\"@id\":\"https:\\\/\\\/www.e-con.de\\\/wp-de\\\/#website\"},\"primaryImageOfPage\":{\"@id\":\"https:\\\/\\\/www.e-con.de\\\/wp-de\\\/ehemalige-gaststaette-zum-fass\\\/#primaryimage\"},\"image\":{\"@id\":\"https:\\\/\\\/www.e-con.de\\\/wp-de\\\/ehemalige-gaststaette-zum-fass\\\/#primaryimage\"},\"thumbnailUrl\":\"https:\\\/\\\/www.e-con.de\\\/wp-de\\\/wp-content\\\/uploads\\\/2018\\\/08\\\/Fa\u00df-final-Bild1.jpg\",\"datePublished\":\"2018-08-23T18:37:08+00:00\",\"dateModified\":\"2021-11-01T18:54:28+00:00\",\"description\":\"Die ehemalige Gastst\u00e4tte \\\"Zum Fass\\\" erh\u00e4lt einen weiteren Lebensabschnitt. e-con GmbH tr\u00e4gt dazu bei mit den Fachplanungen Brandschutz, Statik und Energie. Auch regenerative Energien kommen zum Einsatz.\",\"breadcrumb\":{\"@id\":\"https:\\\/\\\/www.e-con.de\\\/wp-de\\\/ehemalige-gaststaette-zum-fass\\\/#breadcrumb\"},\"inLanguage\":\"de\",\"potentialAction\":[{\"@type\":\"ReadAction\",\"target\":[\"https:\\\/\\\/www.e-con.de\\\/wp-de\\\/ehemalige-gaststaette-zum-fass\\\/\"]}]},{\"@type\":\"ImageObject\",\"inLanguage\":\"de\",\"@id\":\"https:\\\/\\\/www.e-con.de\\\/wp-de\\\/ehemalige-gaststaette-zum-fass\\\/#primaryimage\",\"url\":\"https:\\\/\\\/www.e-con.de\\\/wp-de\\\/wp-content\\\/uploads\\\/2018\\\/08\\\/Fa\u00df-final-Bild1.jpg\",\"contentUrl\":\"https:\\\/\\\/www.e-con.de\\\/wp-de\\\/wp-content\\\/uploads\\\/2018\\\/08\\\/Fa\u00df-final-Bild1.jpg\",\"width\":1754,\"height\":839},{\"@type\":\"BreadcrumbList\",\"@id\":\"https:\\\/\\\/www.e-con.de\\\/wp-de\\\/ehemalige-gaststaette-zum-fass\\\/#breadcrumb\",\"itemListElement\":[{\"@type\":\"ListItem\",\"position\":1,\"name\":\"Startseite\",\"item\":\"https:\\\/\\\/www.e-con.de\\\/wp-de\\\/\"},{\"@type\":\"ListItem\",\"position\":2,\"name\":\"Ehemalige Gastst\u00e4tte &#8220;Zum Fass&#8221;\"}]},{\"@type\":\"WebSite\",\"@id\":\"https:\\\/\\\/www.e-con.de\\\/wp-de\\\/#website\",\"url\":\"https:\\\/\\\/www.e-con.de\\\/wp-de\\\/\",\"name\":\"e-con I Die Partner f\u00fcr Energieeffizienz, Planung und Erneuerbare Energien\",\"description\":\"Die Partner f\u00fcr Energieeffizienz, Planung und Erneuerbare Energien\",\"publisher\":{\"@id\":\"https:\\\/\\\/www.e-con.de\\\/wp-de\\\/#organization\"},\"potentialAction\":[{\"@type\":\"SearchAction\",\"target\":{\"@type\":\"EntryPoint\",\"urlTemplate\":\"https:\\\/\\\/www.e-con.de\\\/wp-de\\\/?s={search_term_string}\"},\"query-input\":{\"@type\":\"PropertyValueSpecification\",\"valueRequired\":true,\"valueName\":\"search_term_string\"}}],\"inLanguage\":\"de\"},{\"@type\":\"Organization\",\"@id\":\"https:\\\/\\\/www.e-con.de\\\/wp-de\\\/#organization\",\"name\":\"e-con I Die Partner f\u00fcr Energieeffizienz, Planung und Erneuerbare Energien\",\"url\":\"https:\\\/\\\/www.e-con.de\\\/wp-de\\\/\",\"logo\":{\"@type\":\"ImageObject\",\"inLanguage\":\"de\",\"@id\":\"https:\\\/\\\/www.e-con.de\\\/wp-de\\\/#\\\/schema\\\/logo\\\/image\\\/\",\"url\":\"https:\\\/\\\/www.e-con.de\\\/wp-de\\\/wp-content\\\/uploads\\\/2016\\\/04\\\/LOGO-CAD-15102015-mit-Slogan-e1460284870722.png\",\"contentUrl\":\"https:\\\/\\\/www.e-con.de\\\/wp-de\\\/wp-content\\\/uploads\\\/2016\\\/04\\\/LOGO-CAD-15102015-mit-Slogan-e1460284870722.png\",\"width\":350,\"height\":101,\"caption\":\"e-con I Die Partner f\u00fcr Energieeffizienz, Planung und Erneuerbare Energien\"},\"image\":{\"@id\":\"https:\\\/\\\/www.e-con.de\\\/wp-de\\\/#\\\/schema\\\/logo\\\/image\\\/\"},\"sameAs\":[\"https:\\\/\\\/www.facebook.com\\\/Matthias-Sch\u00f6nhardt-1114936911891993\\\/\"]},{\"@type\":\"Person\",\"@id\":\"https:\\\/\\\/www.e-con.de\\\/wp-de\\\/#\\\/schema\\\/person\\\/a59ddc4c69198c71d3e52b6d13b68233\",\"name\":\"info@e-c-o-n.de\",\"image\":{\"@type\":\"ImageObject\",\"inLanguage\":\"de\",\"@id\":\"https:\\\/\\\/secure.gravatar.com\\\/avatar\\\/f4a4d5978ad9a62e3bb70d9795e303b31fb7eee58cdc43819b7d41d7431a760c?s=96&d=mm&r=g\",\"url\":\"https:\\\/\\\/secure.gravatar.com\\\/avatar\\\/f4a4d5978ad9a62e3bb70d9795e303b31fb7eee58cdc43819b7d41d7431a760c?s=96&d=mm&r=g\",\"contentUrl\":\"https:\\\/\\\/secure.gravatar.com\\\/avatar\\\/f4a4d5978ad9a62e3bb70d9795e303b31fb7eee58cdc43819b7d41d7431a760c?s=96&d=mm&r=g\",\"caption\":\"info@e-c-o-n.de\"},\"url\":\"https:\\\/\\\/www.e-con.de\\\/wp-de\\\/author\\\/infoe-c-o-n-de\\\/\"}]}<\/script>\n<!-- \/ Yoast SEO plugin. -->","yoast_head_json":{"title":"Ehemalige Gastst\u00e4tte \"Zum Fass\" - e-con I Die Partner f\u00fcr Energieeffizienz, Planung und Erneuerbare Energien","description":"Die ehemalige Gastst\u00e4tte \"Zum Fass\" erh\u00e4lt einen weiteren Lebensabschnitt. e-con GmbH tr\u00e4gt dazu bei mit den Fachplanungen Brandschutz, Statik und Energie. Auch regenerative Energien kommen zum Einsatz.","robots":{"index":"index","follow":"follow","max-snippet":"max-snippet:-1","max-image-preview":"max-image-preview:large","max-video-preview":"max-video-preview:-1"},"canonical":"https:\/\/www.e-con.de\/wp-de\/ehemalige-gaststaette-zum-fass\/","og_locale":"de_DE","og_type":"article","og_title":"Ehemalige Gastst\u00e4tte \"Zum Fass\" - e-con I Die Partner f\u00fcr Energieeffizienz, Planung und Erneuerbare Energien","og_description":"Die ehemalige Gastst\u00e4tte \"Zum Fass\" erh\u00e4lt einen weiteren Lebensabschnitt. e-con GmbH tr\u00e4gt dazu bei mit den Fachplanungen Brandschutz, Statik und Energie. Auch regenerative Energien kommen zum Einsatz.","og_url":"https:\/\/www.e-con.de\/wp-de\/ehemalige-gaststaette-zum-fass\/","og_site_name":"e-con I Die Partner f\u00fcr Energieeffizienz, Planung und Erneuerbare Energien","article_publisher":"https:\/\/www.facebook.com\/Matthias-Sch%c3%b6nhardt-1114936911891993\/","article_published_time":"2018-08-23T18:37:08+00:00","article_modified_time":"2021-11-01T18:54:28+00:00","og_image":[{"width":1754,"height":839,"url":"https:\/\/www.e-con.de\/wp-de\/wp-content\/uploads\/2018\/08\/Fa\u00df-final-Bild1.jpg","type":"image\/jpeg"}],"author":"info@e-c-o-n.de","twitter_card":"summary_large_image","twitter_misc":{"Verfasst von":"info@e-c-o-n.de"},"schema":{"@context":"https:\/\/schema.org","@graph":[{"@type":"Article","@id":"https:\/\/www.e-con.de\/wp-de\/ehemalige-gaststaette-zum-fass\/#article","isPartOf":{"@id":"https:\/\/www.e-con.de\/wp-de\/ehemalige-gaststaette-zum-fass\/"},"author":{"name":"info@e-c-o-n.de","@id":"https:\/\/www.e-con.de\/wp-de\/#\/schema\/person\/a59ddc4c69198c71d3e52b6d13b68233"},"headline":"Ehemalige Gastst\u00e4tte &#8222;Zum Fass&#8220;","datePublished":"2018-08-23T18:37:08+00:00","dateModified":"2021-11-01T18:54:28+00:00","mainEntityOfPage":{"@id":"https:\/\/www.e-con.de\/wp-de\/ehemalige-gaststaette-zum-fass\/"},"wordCount":80,"publisher":{"@id":"https:\/\/www.e-con.de\/wp-de\/#organization"},"image":{"@id":"https:\/\/www.e-con.de\/wp-de\/ehemalige-gaststaette-zum-fass\/#primaryimage"},"thumbnailUrl":"https:\/\/www.e-con.de\/wp-de\/wp-content\/uploads\/2018\/08\/Fa\u00df-final-Bild1.jpg","keywords":["bafa","berga","berlin","e-con","e-consult","econ","econsult","energetische","Energieberatung","Energiekonzepte","fenster","Heizung","kfw","sanierung"],"inLanguage":"de"},{"@type":"WebPage","@id":"https:\/\/www.e-con.de\/wp-de\/ehemalige-gaststaette-zum-fass\/","url":"https:\/\/www.e-con.de\/wp-de\/ehemalige-gaststaette-zum-fass\/","name":"Ehemalige Gastst\u00e4tte \"Zum Fass\" - e-con I Die Partner f\u00fcr Energieeffizienz, Planung und Erneuerbare Energien","isPartOf":{"@id":"https:\/\/www.e-con.de\/wp-de\/#website"},"primaryImageOfPage":{"@id":"https:\/\/www.e-con.de\/wp-de\/ehemalige-gaststaette-zum-fass\/#primaryimage"},"image":{"@id":"https:\/\/www.e-con.de\/wp-de\/ehemalige-gaststaette-zum-fass\/#primaryimage"},"thumbnailUrl":"https:\/\/www.e-con.de\/wp-de\/wp-content\/uploads\/2018\/08\/Fa\u00df-final-Bild1.jpg","datePublished":"2018-08-23T18:37:08+00:00","dateModified":"2021-11-01T18:54:28+00:00","description":"Die ehemalige Gastst\u00e4tte \"Zum Fass\" erh\u00e4lt einen weiteren Lebensabschnitt. e-con GmbH tr\u00e4gt dazu bei mit den Fachplanungen Brandschutz, Statik und Energie. Auch regenerative Energien kommen zum Einsatz.","breadcrumb":{"@id":"https:\/\/www.e-con.de\/wp-de\/ehemalige-gaststaette-zum-fass\/#breadcrumb"},"inLanguage":"de","potentialAction":[{"@type":"ReadAction","target":["https:\/\/www.e-con.de\/wp-de\/ehemalige-gaststaette-zum-fass\/"]}]},{"@type":"ImageObject","inLanguage":"de","@id":"https:\/\/www.e-con.de\/wp-de\/ehemalige-gaststaette-zum-fass\/#primaryimage","url":"https:\/\/www.e-con.de\/wp-de\/wp-content\/uploads\/2018\/08\/Fa\u00df-final-Bild1.jpg","contentUrl":"https:\/\/www.e-con.de\/wp-de\/wp-content\/uploads\/2018\/08\/Fa\u00df-final-Bild1.jpg","width":1754,"height":839},{"@type":"BreadcrumbList","@id":"https:\/\/www.e-con.de\/wp-de\/ehemalige-gaststaette-zum-fass\/#breadcrumb","itemListElement":[{"@type":"ListItem","position":1,"name":"Startseite","item":"https:\/\/www.e-con.de\/wp-de\/"},{"@type":"ListItem","position":2,"name":"Ehemalige Gastst\u00e4tte &#8220;Zum Fass&#8221;"}]},{"@type":"WebSite","@id":"https:\/\/www.e-con.de\/wp-de\/#website","url":"https:\/\/www.e-con.de\/wp-de\/","name":"e-con I Die Partner f\u00fcr Energieeffizienz, Planung und Erneuerbare Energien","description":"Die Partner f\u00fcr Energieeffizienz, Planung und Erneuerbare Energien","publisher":{"@id":"https:\/\/www.e-con.de\/wp-de\/#organization"},"potentialAction":[{"@type":"SearchAction","target":{"@type":"EntryPoint","urlTemplate":"https:\/\/www.e-con.de\/wp-de\/?s={search_term_string}"},"query-input":{"@type":"PropertyValueSpecification","valueRequired":true,"valueName":"search_term_string"}}],"inLanguage":"de"},{"@type":"Organization","@id":"https:\/\/www.e-con.de\/wp-de\/#organization","name":"e-con I Die Partner f\u00fcr Energieeffizienz, Planung und Erneuerbare Energien","url":"https:\/\/www.e-con.de\/wp-de\/","logo":{"@type":"ImageObject","inLanguage":"de","@id":"https:\/\/www.e-con.de\/wp-de\/#\/schema\/logo\/image\/","url":"https:\/\/www.e-con.de\/wp-de\/wp-content\/uploads\/2016\/04\/LOGO-CAD-15102015-mit-Slogan-e1460284870722.png","contentUrl":"https:\/\/www.e-con.de\/wp-de\/wp-content\/uploads\/2016\/04\/LOGO-CAD-15102015-mit-Slogan-e1460284870722.png","width":350,"height":101,"caption":"e-con I Die Partner f\u00fcr Energieeffizienz, Planung und Erneuerbare Energien"},"image":{"@id":"https:\/\/www.e-con.de\/wp-de\/#\/schema\/logo\/image\/"},"sameAs":["https:\/\/www.facebook.com\/Matthias-Sch\u00f6nhardt-1114936911891993\/"]},{"@type":"Person","@id":"https:\/\/www.e-con.de\/wp-de\/#\/schema\/person\/a59ddc4c69198c71d3e52b6d13b68233","name":"info@e-c-o-n.de","image":{"@type":"ImageObject","inLanguage":"de","@id":"https:\/\/secure.gravatar.com\/avatar\/f4a4d5978ad9a62e3bb70d9795e303b31fb7eee58cdc43819b7d41d7431a760c?s=96&d=mm&r=g","url":"https:\/\/secure.gravatar.com\/avatar\/f4a4d5978ad9a62e3bb70d9795e303b31fb7eee58cdc43819b7d41d7431a760c?s=96&d=mm&r=g","contentUrl":"https:\/\/secure.gravatar.com\/avatar\/f4a4d5978ad9a62e3bb70d9795e303b31fb7eee58cdc43819b7d41d7431a760c?s=96&d=mm&r=g","caption":"info@e-c-o-n.de"},"url":"https:\/\/www.e-con.de\/wp-de\/author\/infoe-c-o-n-de\/"}]}},"_links":{"self":[{"href":"https:\/\/www.e-con.de\/wp-de\/wp-json\/wp\/v2\/posts\/2725","targetHints":{"allow":["GET"]}}],"collection":[{"href":"https:\/\/www.e-con.de\/wp-de\/wp-json\/wp\/v2\/posts"}],"about":[{"href":"https:\/\/www.e-con.de\/wp-de\/wp-json\/wp\/v2\/types\/post"}],"author":[{"embeddable":true,"href":"https:\/\/www.e-con.de\/wp-de\/wp-json\/wp\/v2\/users\/1"}],"replies":[{"embeddable":true,"href":"https:\/\/www.e-con.de\/wp-de\/wp-json\/wp\/v2\/comments?post=2725"}],"version-history":[{"count":6,"href":"https:\/\/www.e-con.de\/wp-de\/wp-json\/wp\/v2\/posts\/2725\/revisions"}],"predecessor-version":[{"id":2734,"href":"https:\/\/www.e-con.de\/wp-de\/wp-json\/wp\/v2\/posts\/2725\/revisions\/2734"}],"wp:featuredmedia":[{"embeddable":true,"href":"https:\/\/www.e-con.de\/wp-de\/wp-json\/wp\/v2\/media\/2726"}],"wp:attachment":[{"href":"https:\/\/www.e-con.de\/wp-de\/wp-json\/wp\/v2\/media?parent=2725"}],"wp:term":[{"taxonomy":"category","embeddable":true,"href":"https:\/\/www.e-con.de\/wp-de\/wp-json\/wp\/v2\/categories?post=2725"},{"taxonomy":"post_tag","embeddable":true,"href":"https:\/\/www.e-con.de\/wp-de\/wp-json\/wp\/v2\/tags?post=2725"}],"curies":[{"name":"wp","href":"https:\/\/api.w.org\/{rel}","templated":true}]}}